{"id":73899,"date":"2020-09-21T18:31:47","date_gmt":"2020-09-21T18:31:47","guid":{"rendered":"https:\/\/www.unjspf.org\/two-new-senior-managers-join-the-fund\/"},"modified":"2022-06-15T09:42:59","modified_gmt":"2022-06-15T13:42:59","slug":"two-new-senior-managers-join-the-fund","status":"publish","type":"post","link":"https:\/\/www.unjspf.org\/fr\/newsroom-fr\/two-new-senior-managers-join-the-fund\/","title":{"rendered":"Deux nouveaux cadres sup\u00e9rieurs rejoignent la Caisse"},"content":{"rendered":"<h6 style=\"text-align: center;\"><\/h6>\n<h6 style=\"text-align: center;\">M. David Penklis \u00e0 gauche et M. Jan de Preter \u00e0 droite<\/h6>\n<p>Nous sommes heureux d'annoncer que deux cadres sup\u00e9rieurs ont r\u00e9cemment rejoint la Caisse, apr\u00e8s concours, s\u00e9lection par le Comit\u00e9 mixte de la Caisse commune des pensions du personnel des Nations Unies et recrutement par le Secr\u00e9taire g\u00e9n\u00e9ral des Nations Unies.<\/p>\n<p><strong>M. David John Penklis<\/strong> a \u00e9t\u00e9 nomm\u00e9 <strong>Administrateur adjoint des pensions<\/strong> et a commenc\u00e9 ses activit\u00e9s le 16 septembre. Il apporte \u00e0 la Caisse plus de deux d\u00e9cennies d'exp\u00e9rience en finances, en administration et en gestion. Il a g\u00e9r\u00e9, lanc\u00e9 et fait \u00e9voluer des organisations complexes des Nations Unies et poss\u00e8de une vaste exp\u00e9rience dans les op\u00e9rations mondiales, le traitement des transactions \u00e0 grande \u00e9chelle, la mise en \u0153uvre de programmes de changement, d'optimisation et d'am\u00e9lioration.<\/p>\n<p>Auparavant, il \u00e9tait Chef du Service administratif du D\u00e9partement des affaires politiques et de consolidation de la paix et des op\u00e9rations de maintien de la paix des Nations Unies, fournissant un appui aux activit\u00e9s du si\u00e8ge et sur le terrain. Auparavant, M. Penklis a \u00e9t\u00e9 Directeur par int\u00e9rim de la Division du budget et des finances des missions, D\u00e9partement de l\u2019appui aux missions, et avant il \u00e9tait Directeur de l\u2019appui \u00e0 la mission et Chef de la liquidation de la Mission des Nations Unies au Lib\u00e9ria (MINUL). Il a \u00e9galement cr\u00e9\u00e9 le Centre de services r\u00e9gional des Nations Unies \u00e0 Entebbe (Ouganda) et a \u00e9t\u00e9 Administrateur principal au D\u00e9partement de la gestion.<\/p>\n<p>M. Penklis est titulaire d'un doctorat en philosophie de l'Universit\u00e9 de Sydney (Australie), d'une ma\u00eetrise des arts en relations internationales, d'une ma\u00eetrise en commerce et d'un baccalaur\u00e9at en commerce. Il dispose du titre d\u2019expert-comptable agr\u00e9\u00e9 et est titulaire de l\u2019Institut australien pour les ressources humaines.<\/p>\n<p><strong>M. Jan De Preter<\/strong> a \u00e9t\u00e9 nomm\u00e9 <strong>Secr\u00e9taire du Comit\u00e9 mixte de la Caisse commune des pensions du personnel des Nations Unies<\/strong> et a pris ses fonctions le 1er septembre. Il a une longue exp\u00e9rience de la gouvernance internationale et intergouvernementale et des questions li\u00e9es au fonctionnement des Nations Unies. Avant de rejoindre la CCPPNU, il \u00e9tait chef de section \u00e0 la d\u00e9l\u00e9gation de l'Union europ\u00e9enne aupr\u00e8s de l'ONU \u00e0 New York, responsable des questions horizontales des Nations Unies. Auparavant, il \u00e9tait diplomate belge en poste \u00e0 Bruxelles, Gen\u00e8ve et New York, sp\u00e9cialis\u00e9 dans les questions multilat\u00e9rales. \u00c0 Gen\u00e8ve et \u00e0 New York, il a \u00e9t\u00e9 repr\u00e9sentant et d\u00e9l\u00e9gu\u00e9 \u00e0 l'Assembl\u00e9e g\u00e9n\u00e9rale des Nations Unies et aux organes directeurs d'autres institutions sp\u00e9cialis\u00e9es des Nations Unies.<\/p>\n<p>M. De Preter est titulaire d'une ma\u00eetrise en histoire et d'une ma\u00eetrise en relations internationales de l'Universit\u00e9 de Louvain (Belgique).<\/p>\n","protected":false},"excerpt":{"rendered":"<p>M. David Penklis \u00e0 gauche et M. Jan de Preter \u00e0 droite Nous sommes heureux d'annoncer que deux cadres sup\u00e9rieurs ont r\u00e9cemment rejoint la Caisse, apr\u00e8s concours, s\u00e9lection par le Comit\u00e9 mixte de la Caisse commune des pensions du personnel des Nations Unies et recrutement par le Secr\u00e9taire g\u00e9n\u00e9ral des Nations Unies. M. David John [&hellip;]<\/p>\n","protected":false},"author":7,"featured_media":85877,"comment_status":"closed","ping_status":"closed","sticky":false,"template":"","format":"standard","meta":{"_acf_changed":false,"footnotes":""},"categories":[55],"tags":[],"topic":[146],"search_category":[152],"class_list":["post-73899","post","type-post","status-publish","format-standard","has-post-thumbnail","hentry","category-newsroom-fr","topic-mises-a-jour-de-la-direction"],"acf":[],"_links":{"self":[{"href":"https:\/\/www.unjspf.org\/fr\/wp-json\/wp\/v2\/posts\/73899","targetHints":{"allow":["GET"]}}],"collection":[{"href":"https:\/\/www.unjspf.org\/fr\/wp-json\/wp\/v2\/posts"}],"about":[{"href":"https:\/\/www.unjspf.org\/fr\/wp-json\/wp\/v2\/types\/post"}],"author":[{"embeddable":true,"href":"https:\/\/www.unjspf.org\/fr\/wp-json\/wp\/v2\/users\/7"}],"replies":[{"embeddable":true,"href":"https:\/\/www.unjspf.org\/fr\/wp-json\/wp\/v2\/comments?post=73899"}],"version-history":[{"count":2,"href":"https:\/\/www.unjspf.org\/fr\/wp-json\/wp\/v2\/posts\/73899\/revisions"}],"predecessor-version":[{"id":85880,"href":"https:\/\/www.unjspf.org\/fr\/wp-json\/wp\/v2\/posts\/73899\/revisions\/85880"}],"wp:featuredmedia":[{"embeddable":true,"href":"https:\/\/www.unjspf.org\/fr\/wp-json\/wp\/v2\/media\/85877"}],"wp:attachment":[{"href":"https:\/\/www.unjspf.org\/fr\/wp-json\/wp\/v2\/media?parent=73899"}],"wp:term":[{"taxonomy":"category","embeddable":true,"href":"https:\/\/www.unjspf.org\/fr\/wp-json\/wp\/v2\/categories?post=73899"},{"taxonomy":"post_tag","embeddable":true,"href":"https:\/\/www.unjspf.org\/fr\/wp-json\/wp\/v2\/tags?post=73899"},{"taxonomy":"topic","embeddable":true,"href":"https:\/\/www.unjspf.org\/fr\/wp-json\/wp\/v2\/topic?post=73899"},{"taxonomy":"search_category","embeddable":true,"href":"https:\/\/www.unjspf.org\/fr\/wp-json\/wp\/v2\/search_category?post=73899"}],"curies":[{"name":"wp","href":"https:\/\/api.w.org\/{rel}","templated":true}]}}