{"id":89125,"date":"2023-09-26T20:07:40","date_gmt":"2023-09-26T20:07:40","guid":{"rendered":"https:\/\/www.unjspf.org\/non-classifiee\/la-caisse-des-pensions-accueille-lassemblee-generale-annuelle-de-lalliance-des-proprietaires-dactifs-nets-zero\/"},"modified":"2023-09-28T18:11:54","modified_gmt":"2023-09-28T18:11:54","slug":"la-caisse-des-pensions-accueille-lassemblee-generale-annuelle-de-lalliance-des-proprietaires-dactifs-nets-zero","status":"publish","type":"post","link":"https:\/\/www.unjspf.org\/fr\/newsroom-fr\/la-caisse-des-pensions-accueille-lassemblee-generale-annuelle-de-lalliance-des-proprietaires-dactifs-nets-zero\/","title":{"rendered":"La Caisse des pensions accueille l\u2019assembl\u00e9e g\u00e9n\u00e9rale annuelle de l\u2019Alliance des propri\u00e9taires d\u2019actifs nets z\u00e9ro"},"content":{"rendered":"\n<p>Le 21 septembre 2023 le Bureau de gestion des investissements (OIM) de la Caisse a organis\u00e9 l\u2019assembl\u00e9e g\u00e9n\u00e9rale annuelle de l\u2019Alliance des propri\u00e9taires d\u2019actifs nets z\u00e9ro initi\u00e9 par le Programme des Nations Unies pour l\u2019environnement (UNPE) , avec la participation de John Kerry, Envoy\u00e9 sp\u00e9cial du pr\u00e9sident des \u00c9tats-Unis pour le climat, du s\u00e9nateur am\u00e9ricain Sheldon Whitehouse et de Selwin Hart, conseiller sp\u00e9cial et sous-secr\u00e9taire g\u00e9n\u00e9ral des Nations Unies.<\/p>\n\n<p>L'Alliance est une initiative dirig\u00e9e par ses membres et compos\u00e9e d'investisseurs institutionnels qui se sont engag\u00e9s \u00e0 faire passer leurs portefeuilles d'investissement \u00e0 z\u00e9ro \u00e9mission nette de GES d'ici 2050, conform\u00e9ment \u00e0 une augmentation maximale de la temp\u00e9rature de 1,5\u00b0C par rapport aux temp\u00e9ratures pr\u00e9industrielles. La Caisse est membre de l\u2019Alliance depuis juillet 2020.<\/p>\n\n<p>Dans son discours d\u2019ouverture, Pedro Guazo, Repr\u00e9sentant du Secr\u00e9taire g\u00e9n\u00e9ral de l\u2019ONU pour l\u2019investissement des avoirs de la Caisse, a d\u00e9clar\u00e9 que l'adh\u00e9sion \u00e0 l\u2019Alliance des propri\u00e9taires d\u2019actifs nets z\u00e9ro avait \u00e9t\u00e9 \u00ab un tournant pour le chemin de la Caisse vers des investissements durables \u00bb. La Caisse a pu mettre en \u0153uvre ses objectifs et ses cibles gr\u00e2ce au soutien direct re\u00e7u par l'Alliance.<\/p>\n\n<p>Au cours de l'\u00e9v\u00e9nement, les membres de l\u2019Alliance des propri\u00e9taires d\u2019actifs nets z\u00e9ro ont reconnu le pouvoir de la collaboration et la mani\u00e8re dont l'Alliance favorise le partage des connaissances et la mobilisation des ressources pour faire avancer les choses sur le th\u00e8me du changement climatique.<\/p>\n\n<p>Les participants ont \u00e9chang\u00e9 leurs exp\u00e9riences sur les politiques internationales, am\u00e9ricaines, europ\u00e9ennes et sur les march\u00e9s \u00e9mergents ; la mise en \u0153uvre de Net-Z\u00e9ro par les institutions financi\u00e8res et l\u2019environnement propice \u00e0 la mise en \u0153uvre de la transition vers une \u00e9conomie Net-Z\u00e9ro.<\/p>\n\n<p>L'importance de travailler de concert avec les gouvernements a \u00e9t\u00e9 soulign\u00e9e ainsi que la n\u00e9cessit\u00e9 de s'exprimer davantage aupr\u00e8s des partenaires et d'autres secteurs. Les participants ont discut\u00e9 de l\u2019int\u00e9r\u00eat d\u2019envoyer des signaux politiques plus forts afin de r\u00e9aliser davantage de progr\u00e8s et d\u2019\u00e9laborer des r\u00e9glementations plus solides.<\/p>\n\n<p>Les participants ont \u00e9galement convenu de la n\u00e9cessit\u00e9 d\u2019acc\u00e9l\u00e9rer la course pour garantir une voie vers une \u00e9nergie renouvelable propre, s\u00fbre et abordable.<\/p>\n\n<p><em>L'Alliance des propri\u00e9taires d'actifs nets z\u00e9ro (l'Alliance), cr\u00e9\u00e9e par les Nations Unies, est une alliance convoqu\u00e9e par l'ONU et dirig\u00e9e par les propri\u00e9taires d'actifs. Les membres de l'Alliance s'engagent \u00e0 faire \u00e9voluer leurs portefeuilles d'investissement vers z\u00e9ro \u00e9mission nette de GES d'ici 2050, dans le cadre d'une augmentation maximale de la temp\u00e9rature de 1,5 \u00b0C par rapport aux temp\u00e9ratures pr\u00e9industrielles, en tenant compte des meilleures connaissances scientifiques disponibles, notamment les conclusions du GIEC, et rendre r\u00e9guli\u00e8rement compte des progr\u00e8s r\u00e9alis\u00e9s, notamment en \u00e9tablissant des objectifs interm\u00e9diaires tous les cinq ans, conform\u00e9ment \u00e0 l'article 4.9 de l'Accord de Paris.<\/em><\/p>\n\n<p><em>L'Alliance a \u00e9t\u00e9 cr\u00e9\u00e9e par UNEP FI et PRI avec un groupe de 12 membres fondateurs et officiellement lanc\u00e9e au public le 23 septembre 2019.<\/em><\/p>\n\n<p>Pour avoir plus de d\u00e9tails sur la r\u00e9union, v\u00e9rifiez <a href=\"https:\/\/www.unepfi.org\/industries\/investment\/net-zero-asset-owner-alliance-members-showcase-net-zero-credibility-at-climate-ambition-summit-and-fourth-anniversary-agm\/\">ici<\/a>.<\/p>\n<div class=\"wp-block-image is-style-default\">\n<figure class=\"alignleft size-full\"><img loading=\"lazy\" decoding=\"async\" width=\"900\" height=\"506\" src=\"https:\/\/www.unjspf.org\/wp-content\/uploads\/2023\/09\/Pedro-Guazo-2.1-edited-1.jpg\" alt=\"\" class=\"wp-image-89136\" srcset=\"https:\/\/www.unjspf.org\/wp-content\/uploads\/2023\/09\/Pedro-Guazo-2.1-edited-1.jpg 900w, https:\/\/www.unjspf.org\/wp-content\/uploads\/2023\/09\/Pedro-Guazo-2.1-edited-1-300x169.jpg 300w, https:\/\/www.unjspf.org\/wp-content\/uploads\/2023\/09\/Pedro-Guazo-2.1-edited-1-768x432.jpg 768w\" sizes=\"auto, (max-width: 900px) 100vw, 900px\" \/><\/figure>\n<\/div>\n<p class=\"has-black-color has-text-color\"><em>Pedro Guazo, Repr\u00e9sentant du Secr\u00e9taire g\u00e9n\u00e9ral de l\u2019ONU pour l\u2019investissement des avoirs de la Caisse. Cr<\/em><span class=\"Y2IQFc\" lang=\"fr\">\u00e9<\/span><em>dit: NZAOA<\/em><\/p>\n","protected":false},"excerpt":{"rendered":"<p>Le 21 septembre 2023 le Bureau de gestion des investissements (OIM) de la Caisse a organis\u00e9 l\u2019assembl\u00e9e g\u00e9n\u00e9rale annuelle de l\u2019Alliance des propri\u00e9taires d\u2019actifs nets z\u00e9ro initi\u00e9 par le Programme des Nations Unies pour l\u2019environnement (UNPE) , avec la participation de John Kerry, Envoy\u00e9 sp\u00e9cial du pr\u00e9sident des \u00c9tats-Unis pour le climat, du s\u00e9nateur am\u00e9ricain [&hellip;]<\/p>\n","protected":false},"author":27,"featured_media":89121,"comment_status":"closed","ping_status":"closed","sticky":false,"template":"","format":"standard","meta":{"_acf_changed":false,"footnotes":""},"categories":[55],"tags":[],"topic":[123,113],"search_category":[152],"class_list":["post-89125","post","type-post","status-publish","format-standard","has-post-thumbnail","hentry","category-newsroom-fr","topic-investissement-durable","topic-investissement"],"acf":[],"_links":{"self":[{"href":"https:\/\/www.unjspf.org\/fr\/wp-json\/wp\/v2\/posts\/89125","targetHints":{"allow":["GET"]}}],"collection":[{"href":"https:\/\/www.unjspf.org\/fr\/wp-json\/wp\/v2\/posts"}],"about":[{"href":"https:\/\/www.unjspf.org\/fr\/wp-json\/wp\/v2\/types\/post"}],"author":[{"embeddable":true,"href":"https:\/\/www.unjspf.org\/fr\/wp-json\/wp\/v2\/users\/27"}],"replies":[{"embeddable":true,"href":"https:\/\/www.unjspf.org\/fr\/wp-json\/wp\/v2\/comments?post=89125"}],"version-history":[{"count":6,"href":"https:\/\/www.unjspf.org\/fr\/wp-json\/wp\/v2\/posts\/89125\/revisions"}],"predecessor-version":[{"id":89161,"href":"https:\/\/www.unjspf.org\/fr\/wp-json\/wp\/v2\/posts\/89125\/revisions\/89161"}],"wp:featuredmedia":[{"embeddable":true,"href":"https:\/\/www.unjspf.org\/fr\/wp-json\/wp\/v2\/media\/89121"}],"wp:attachment":[{"href":"https:\/\/www.unjspf.org\/fr\/wp-json\/wp\/v2\/media?parent=89125"}],"wp:term":[{"taxonomy":"category","embeddable":true,"href":"https:\/\/www.unjspf.org\/fr\/wp-json\/wp\/v2\/categories?post=89125"},{"taxonomy":"post_tag","embeddable":true,"href":"https:\/\/www.unjspf.org\/fr\/wp-json\/wp\/v2\/tags?post=89125"},{"taxonomy":"topic","embeddable":true,"href":"https:\/\/www.unjspf.org\/fr\/wp-json\/wp\/v2\/topic?post=89125"},{"taxonomy":"search_category","embeddable":true,"href":"https:\/\/www.unjspf.org\/fr\/wp-json\/wp\/v2\/search_category?post=89125"}],"curies":[{"name":"wp","href":"https:\/\/api.w.org\/{rel}","templated":true}]}}