{"id":93103,"date":"2025-10-14T19:53:05","date_gmt":"2025-10-14T19:53:05","guid":{"rendered":"https:\/\/www.unjspf.org\/non-classifiee\/la-ccppnu-conclut-sa-deuxieme-semaine-de-la-sante-mentale-et-du-bien-etre\/"},"modified":"2025-10-16T14:08:30","modified_gmt":"2025-10-16T14:08:30","slug":"la-ccppnu-conclut-sa-deuxieme-semaine-de-la-sante-mentale-et-du-bien-etre","status":"publish","type":"post","link":"https:\/\/www.unjspf.org\/fr\/newsroom-fr\/la-ccppnu-conclut-sa-deuxieme-semaine-de-la-sante-mentale-et-du-bien-etre\/","title":{"rendered":"La CCPPNU conclut sa deuxi\u00e8me Semaine de la sant\u00e9 mentale et du bien-\u00eatre"},"content":{"rendered":"\n<p>Le personnel de la Caisse commune des pensions du personnel des Nations Unies (CCPPNU) a organis\u00e9 avec succ\u00e8s la deuxi\u00e8me Semaine de la sant\u00e9 mentale et du bien-\u00eatre, qui s'est tenue du 6 au 10 octobre 2025. Enti\u00e8rement en ligne et \u00e0 l'occasion de la Journ\u00e9e mondiale de la sant\u00e9 mentale, le 10 octobre, cette initiative a permis aux coll\u00e8gues de se r\u00e9unir pour r\u00e9fl\u00e9chir, apprendre et se soutenir mutuellement.<\/p>\n\n<p>Renfor\u00e7ant l'objectif de la semaine, l'Organisation mondiale de la Sant\u00e9 nous rappelle que la sant\u00e9 mentale est essentielle pour tous, partout dans le monde. Dans ce contexte, l'initiative a propos\u00e9 des outils pratiques et des partages d'exp\u00e9riences pour promouvoir le bien-\u00eatre individuel et collectif.<\/p>\n\n<p>La semaine s'est ouverte le lundi 6 octobre par une s\u00e9ance anim\u00e9e par Sonia Beharovic, responsable des ressources humaines de l\u2019Administration des pensions, et Daniela Lima, assistante aux ressources humaines.<\/p>\n\n<p>L\u2019Administratrice des pensions, Rosemarie McClean, le Repr\u00e9sentant par int\u00e9rim du Secr\u00e9taire g\u00e9n\u00e9ral pour l'investissement des actifs de la Caisse, Robert van der Zee, et la Repr\u00e9sentante du personnel, Melinda George, ont prononc\u00e9 des allocutions d'ouverture, suivies d'une s\u00e9ance de formulation d'intentions.<\/p>\n\n<p>Un message vid\u00e9o de la ballerine et militante br\u00e9silienne Ingrid Silva, membre du Cercle des soutiens des ODD, a c\u00e9l\u00e9br\u00e9 la repr\u00e9sentation et la r\u00e9silience. \u00ab La comparaison peut \u00eatre le pire ennemi \u00bb, a soulign\u00e9 Mme Silva, ajoutant qu\u2019elle consid\u00e9rait la sant\u00e9 mentale comme une source d\u2019espoir.<\/p>\n\n<p>Le mardi 7 octobre, la Dre Maria Phalime, conf\u00e9renci\u00e8re invit\u00e9e, a anim\u00e9 l\u2019atelier \u00ab Pleine conscience au travail \u00bb, partageant des strat\u00e9gies fond\u00e9es sur des donn\u00e9es probantes pour int\u00e9grer la pr\u00e9sence et la concentration dans le quotidien.<\/p>\n\n<p>Le mercredi 8 octobre, une s\u00e9ance de yoga sur chaise r\u00e9paratrice a \u00e9t\u00e9 organis\u00e9e avec Vicky Lymperopoulou, b\u00e9n\u00e9vole de l\u2019UNDSS. Les participants ont explor\u00e9 des mouvements doux et des exercices de respiration pour r\u00e9duire les tensions et am\u00e9liorer leur posture.<\/p>\n\n<p>Le jeudi 9 octobre, Misty Tripoli, conf\u00e9renci\u00e8re et danseuse motivatrice, cr\u00e9atrice du mouvement Body Groove, s\u2019est jointe \u00e0 l\u2019administrateur adjoint des pensions, Dino Cataldo Dell\u2019Accio, pour souligner l\u2019importance de la sant\u00e9 mentale.<br\/><br\/>L\u2019initiative s\u2019est conclue le vendredi 10 octobre par une intervention de la Dre Judith Joseph, psychiatre, chercheuse et auteure \u00e0 succ\u00e8s, sur le th\u00e8me \u00ab La science du bonheur \u00bb. Elle a invit\u00e9 les participants \u00e0 adopter une perspective ax\u00e9e sur le sens, en se demandant : \u00ab S\u2019il ne vous restait que quinze minutes sur cette terre, que feriez-vous ? \u00bb Elle a \u00e9galement encourag\u00e9 ses coll\u00e8gues \u00e0 rechercher la joie au quotidien gr\u00e2ce aux \u00ab 5 V \u00bb : validation, d\u00e9foulement, valeurs, points vitaux et vision.<\/p>\n\n<p>\u00ab La Journ\u00e9e mondiale de la sant\u00e9 mentale a rev\u00eatu une importance particuli\u00e8re pour la Caisse, non seulement en raison de son appel mondial \u00e0 la sensibilisation, mais aussi parce que, pour la premi\u00e8re fois, nous avons \u00e9largi notre invitation au-del\u00e0 de notre cercle proche \u00bb, a d\u00e9clar\u00e9 Rosemarie McClean, \u00e0 la fin de la s\u00e9rie.<\/p>\n\n<p>La Caisse remercie sinc\u00e8rement tous les b\u00e9n\u00e9voles, intervenants et coll\u00e8gues qui ont fait de la Semaine de la sant\u00e9 mentale et du bien-\u00eatre de cette ann\u00e9e un succ\u00e8s, en particulier les mod\u00e9ratrices Dani Lima et Sonia Beharovic, ainsi que la direction de la Caisse pour son soutien continu.<\/p>\n","protected":false},"excerpt":{"rendered":"<p>Le personnel de la Caisse commune des pensions du personnel des Nations Unies (CCPPNU) a organis\u00e9 avec succ\u00e8s la deuxi\u00e8me Semaine de la sant\u00e9 mentale et du bien-\u00eatre, qui s'est tenue du 6 au 10 octobre 2025. Enti\u00e8rement en ligne et \u00e0 l'occasion de la Journ\u00e9e mondiale de la sant\u00e9 mentale, le 10 octobre, cette [&hellip;]<\/p>\n","protected":false},"author":7,"featured_media":93101,"comment_status":"closed","ping_status":"closed","sticky":false,"template":"","format":"standard","meta":{"_acf_changed":false,"footnotes":""},"categories":[55],"tags":[],"topic":[127],"search_category":[152],"class_list":["post-93103","post","type-post","status-publish","format-standard","has-post-thumbnail","hentry","category-newsroom-fr","topic-evenements"],"acf":[],"_links":{"self":[{"href":"https:\/\/www.unjspf.org\/fr\/wp-json\/wp\/v2\/posts\/93103","targetHints":{"allow":["GET"]}}],"collection":[{"href":"https:\/\/www.unjspf.org\/fr\/wp-json\/wp\/v2\/posts"}],"about":[{"href":"https:\/\/www.unjspf.org\/fr\/wp-json\/wp\/v2\/types\/post"}],"author":[{"embeddable":true,"href":"https:\/\/www.unjspf.org\/fr\/wp-json\/wp\/v2\/users\/7"}],"replies":[{"embeddable":true,"href":"https:\/\/www.unjspf.org\/fr\/wp-json\/wp\/v2\/comments?post=93103"}],"version-history":[{"count":2,"href":"https:\/\/www.unjspf.org\/fr\/wp-json\/wp\/v2\/posts\/93103\/revisions"}],"predecessor-version":[{"id":93120,"href":"https:\/\/www.unjspf.org\/fr\/wp-json\/wp\/v2\/posts\/93103\/revisions\/93120"}],"wp:featuredmedia":[{"embeddable":true,"href":"https:\/\/www.unjspf.org\/fr\/wp-json\/wp\/v2\/media\/93101"}],"wp:attachment":[{"href":"https:\/\/www.unjspf.org\/fr\/wp-json\/wp\/v2\/media?parent=93103"}],"wp:term":[{"taxonomy":"category","embeddable":true,"href":"https:\/\/www.unjspf.org\/fr\/wp-json\/wp\/v2\/categories?post=93103"},{"taxonomy":"post_tag","embeddable":true,"href":"https:\/\/www.unjspf.org\/fr\/wp-json\/wp\/v2\/tags?post=93103"},{"taxonomy":"topic","embeddable":true,"href":"https:\/\/www.unjspf.org\/fr\/wp-json\/wp\/v2\/topic?post=93103"},{"taxonomy":"search_category","embeddable":true,"href":"https:\/\/www.unjspf.org\/fr\/wp-json\/wp\/v2\/search_category?post=93103"}],"curies":[{"name":"wp","href":"https:\/\/api.w.org\/{rel}","templated":true}]}}