{"id":93696,"date":"2026-02-02T22:58:40","date_gmt":"2026-02-02T22:58:40","guid":{"rendered":"https:\/\/www.unjspf.org\/non-classifiee\/le-secretaire-general-nomme-robert-van-der-zee-pays-bas-representant-pour-les-investissements-des-actifs-de-la-caisse-commune-des-pensions-du-personnel-des-nations-unies\/"},"modified":"2026-02-25T19:50:20","modified_gmt":"2026-02-25T19:50:20","slug":"le-secretaire-general-nomme-robert-van-der-zee-pays-bas-representant-pour-les-investissements-des-actifs-de-la-caisse-commune-des-pensions-du-personnel-des-nations-unies","status":"publish","type":"post","link":"https:\/\/www.unjspf.org\/fr\/newsroom-fr\/le-secretaire-general-nomme-robert-van-der-zee-pays-bas-representant-pour-les-investissements-des-actifs-de-la-caisse-commune-des-pensions-du-personnel-des-nations-unies\/","title":{"rendered":"Le Secr\u00e9taire g\u00e9n\u00e9ral nomme Robert van der Zee (Pays-Bas) repr\u00e9sentant pour les investissements des actifs de la Caisse commune des pensions du personnel des Nations Unies"},"content":{"rendered":"\n<h1 class=\"wp-block-heading\"><\/h1>\n\n<p>Le Secr\u00e9taire g\u00e9n\u00e9ral de l'Organisation des Nations Unies, Ant\u00f3nio Guterres, a annonc\u00e9 aujourd'hui la nomination de Robert van der Zee (Pays-Bas) au poste de repr\u00e9sentant pour les investissements des actifs de la Caisse commune des pensions du personnel des Nations Unies (CCPPNU). Il succ\u00e8de \u00e0 Pedro Antonio Guazo Alonso (Espagne), \u00e0 qui le Secr\u00e9taire g\u00e9n\u00e9ral exprime sa gratitude pour les services rendus.<\/p>\n\n<p>Le Secr\u00e9taire g\u00e9n\u00e9ral tient \u00e9galement \u00e0 exprimer sa gratitude \u00e0 Toru Shindo, directeur des investissements au Bureau de la gestion des investissements de la Caisse commune des pensions du personnel des Nations Unies, qui a assur\u00e9 l'int\u00e9rim du repr\u00e9sentant du Secr\u00e9taire g\u00e9n\u00e9ral du 16 juillet au 15 ao\u00fbt 2025.<\/p>\n\n<p>Actuellement repr\u00e9sentant par int\u00e9rim du Secr\u00e9taire g\u00e9n\u00e9ral pour l'investissement des actifs de la Caisse commune des pensions du personnel des Nations Unies depuis le 16 ao\u00fbt 2025, M. van der Zee a occup\u00e9 le poste de directeur financier au Programme alimentaire mondial (PAM) en Italie (2024-2025), apportant 30 ans d'exp\u00e9rience dans divers postes de gestion financi\u00e8re. Il poss\u00e8de des connaissances et une expertise organisationnelles et financi\u00e8res \u00e9tendues et approfondies, ainsi qu'une solide exp\u00e9rience \u00e0 des postes de direction dans le secteur des services financiers et dans des organisations internationales.<\/p>\n\n<p>M. van der Zee a rejoint le PAM en 2005 en tant que tr\u00e9sorier mondial, apr\u00e8s avoir occup\u00e9 les fonctions de directeur de la division des finances d'entreprise (2018-2024) et de directeur adjoint de la division des finances et de la tr\u00e9sorerie (2013-2018). Il a d\u00e9but\u00e9 sa carri\u00e8re dans les services financiers \u00e0 la banque ABN AMRO (1995-2005), o\u00f9 il a occup\u00e9 divers postes aux Pays-Bas, en Irlande, en Hongrie, en Gr\u00e8ce et en Espagne, principalement dans les domaines des institutions financi\u00e8res et des clients du secteur public, des march\u00e9s des capitaux d'emprunt, du financement structur\u00e9 et des solutions de services transactionnels.<\/p>\n\n<p>M. van der Zee est titulaire d'une ma\u00eetrise en commerce et finance de l'universit\u00e9 Erasmus de Rotterdam, aux Pays-Bas (1989-1995), et d'un MBA international pour cadres sup\u00e9rieurs de l'IE Business School de Madrid (2003-2004). Outre sa langue maternelle, le n\u00e9erlandais, il parle couramment l'anglais, l'espagnol et l'italien.<\/p>\n\n<p>__________<\/p>\n\n<p>* Ce communiqu\u00e9 remplace le communiqu\u00e9 de presse SG\/A\/2367 du 15 ao\u00fbt 2025.<\/p>\n","protected":false},"excerpt":{"rendered":"<p>Le Secr\u00e9taire g\u00e9n\u00e9ral de l'Organisation des Nations Unies, Ant\u00f3nio Guterres, a annonc\u00e9 aujourd'hui la nomination de Robert van der Zee (Pays-Bas) au poste de repr\u00e9sentant pour les investissements des actifs de la Caisse commune des pensions du personnel des Nations Unies (CCPPNU). Il succ\u00e8de \u00e0 Pedro Antonio Guazo Alonso (Espagne), \u00e0 qui le Secr\u00e9taire g\u00e9n\u00e9ral [&hellip;]<\/p>\n","protected":false},"author":28,"featured_media":87285,"comment_status":"closed","ping_status":"closed","sticky":false,"template":"","format":"standard","meta":{"_acf_changed":false,"footnotes":""},"categories":[55,92],"tags":[],"topic":[113,146],"search_category":[152],"class_list":["post-93696","post","type-post","status-publish","format-standard","has-post-thumbnail","hentry","category-newsroom-fr","category-direction-et-personnel","topic-investissement","topic-mises-a-jour-de-la-direction"],"acf":[],"_links":{"self":[{"href":"https:\/\/www.unjspf.org\/fr\/wp-json\/wp\/v2\/posts\/93696","targetHints":{"allow":["GET"]}}],"collection":[{"href":"https:\/\/www.unjspf.org\/fr\/wp-json\/wp\/v2\/posts"}],"about":[{"href":"https:\/\/www.unjspf.org\/fr\/wp-json\/wp\/v2\/types\/post"}],"author":[{"embeddable":true,"href":"https:\/\/www.unjspf.org\/fr\/wp-json\/wp\/v2\/users\/28"}],"replies":[{"embeddable":true,"href":"https:\/\/www.unjspf.org\/fr\/wp-json\/wp\/v2\/comments?post=93696"}],"version-history":[{"count":1,"href":"https:\/\/www.unjspf.org\/fr\/wp-json\/wp\/v2\/posts\/93696\/revisions"}],"predecessor-version":[{"id":93697,"href":"https:\/\/www.unjspf.org\/fr\/wp-json\/wp\/v2\/posts\/93696\/revisions\/93697"}],"wp:featuredmedia":[{"embeddable":true,"href":"https:\/\/www.unjspf.org\/fr\/wp-json\/wp\/v2\/media\/87285"}],"wp:attachment":[{"href":"https:\/\/www.unjspf.org\/fr\/wp-json\/wp\/v2\/media?parent=93696"}],"wp:term":[{"taxonomy":"category","embeddable":true,"href":"https:\/\/www.unjspf.org\/fr\/wp-json\/wp\/v2\/categories?post=93696"},{"taxonomy":"post_tag","embeddable":true,"href":"https:\/\/www.unjspf.org\/fr\/wp-json\/wp\/v2\/tags?post=93696"},{"taxonomy":"topic","embeddable":true,"href":"https:\/\/www.unjspf.org\/fr\/wp-json\/wp\/v2\/topic?post=93696"},{"taxonomy":"search_category","embeddable":true,"href":"https:\/\/www.unjspf.org\/fr\/wp-json\/wp\/v2\/search_category?post=93696"}],"curies":[{"name":"wp","href":"https:\/\/api.w.org\/{rel}","templated":true}]}}